{"id":9202,"date":"2024-03-08T10:53:46","date_gmt":"2024-03-08T09:53:46","guid":{"rendered":"https:\/\/www.filtecsrl.eu\/2024\/03\/08\/compounding-world-expo-brussels-2024-filtec-egalement-present-au-salon\/"},"modified":"2024-05-24T15:13:01","modified_gmt":"2024-05-24T13:13:01","slug":"compounding-world-expo-brussels-2024-filtec-egalement-present-au-salon","status":"publish","type":"post","link":"https:\/\/www.filtecsrl.eu\/fr\/2024\/03\/08\/compounding-world-expo-brussels-2024-filtec-egalement-present-au-salon\/","title":{"rendered":"COMPOUNDING WORLD EXPO BRUSSELS 2024: Filtec \u00e9galement pr\u00e9sent au salon!"},"content":{"rendered":"\t\t<div data-elementor-type=\"wp-post\" data-elementor-id=\"9202\" class=\"elementor elementor-9202 elementor-8848\" data-elementor-post-type=\"post\">\n\t\t\t\t\t\t<section data-particle_enable=\"false\" data-particle-mobile-disabled=\"false\" class=\"elementor-section elementor-top-section elementor-element elementor-element-358c6faa elementor-section-boxed elementor-section-height-default elementor-section-height-default\" data-id=\"358c6faa\" data-element_type=\"section\" data-e-type=\"section\">\n\t\t\t\t\t\t<div class=\"elementor-container elementor-column-gap-default\">\n\t\t\t\t\t<div class=\"elementor-column elementor-col-100 elementor-top-column elementor-element elementor-element-69bc8d99\" data-id=\"69bc8d99\" data-element_type=\"column\" data-e-type=\"column\">\n\t\t\t<div class=\"elementor-widget-wrap elementor-element-populated\">\n\t\t\t\t\t\t<div class=\"elementor-element elementor-element-52df4e6 elementor-widget elementor-widget-text-editor\" data-id=\"52df4e6\" data-element_type=\"widget\" data-e-type=\"widget\" data-widget_type=\"text-editor.default\">\n\t\t\t\t<div class=\"elementor-widget-container\">\n\t\t\t\t\t\t\t\t\t<h4 style=\"text-align: center;\">COMPOUNDING WORLD EXPO: FILTEC VOUS INVITE \u00c0 VISITER SON STAND<\/h4><p style=\"text-align: center;\"><strong>Compounding World Expo 2024<\/strong>: les dates du principal <strong>salon europ\u00e9en des plastiques et additifs<\/strong> ont \u00e9t\u00e9 annonc\u00e9es. Du <strong>11 au 12 septembre 2024<\/strong>, les protagonistes du <strong>secteur du plastique<\/strong> se r\u00e9uniront \u00e0 Bruxelles pour conna\u00eetre les derni\u00e8res tendances, nouer de nouveaux contacts d&rsquo;affaires et consolider les anciens.<\/p><p style=\"text-align: center;\">L&rsquo;exposition accueillera des formulateurs de tous les secteurs de l&rsquo;industrie des polym\u00e8res et l&rsquo;offre de produits comprendra des additifs polym\u00e8res aux mati\u00e8res premi\u00e8res et m\u00e9langes ma\u00eetres, des pi\u00e8ces de rechange aux services de m\u00e9lange et aux services de tests R&amp;D. Le salon proposera ensuite un riche programme de forums, d&rsquo;opportunit\u00e9s de r\u00e9seautage et de conf\u00e9rences avec certains des plus grands consultants et scientifiques de l&rsquo;industrie.<\/p>\t\t\t\t\t\t\t\t<\/div>\n\t\t\t\t<\/div>\n\t\t\t\t<div class=\"elementor-element elementor-element-9a20915 elementor-widget elementor-widget-image\" data-id=\"9a20915\" data-element_type=\"widget\" data-e-type=\"widget\" data-widget_type=\"image.default\">\n\t\t\t\t<div class=\"elementor-widget-container\">\n\t\t\t\t\t\t\t\t\t\t\t\t\t\t\t\t<a href=\"https:\/\/eu.compoundingworldexpo.com\/\" target=\"_blank\" rel=\"noopener\">\n\t\t\t\t\t\t\t<img fetchpriority=\"high\" decoding=\"async\" width=\"600\" height=\"150\" src=\"https:\/\/www.filtecsrl.eu\/wp-content\/uploads\/2024\/03\/banner-compounding2.png\" class=\"attachment-medium_large size-medium_large wp-image-9989\" alt=\"\" srcset=\"https:\/\/www.filtecsrl.eu\/wp-content\/uploads\/2024\/03\/banner-compounding2.png 600w, https:\/\/www.filtecsrl.eu\/wp-content\/uploads\/2024\/03\/banner-compounding2-300x75.png 300w\" sizes=\"(max-width: 600px) 100vw, 600px\" \/>\t\t\t\t\t\t\t\t<\/a>\n\t\t\t\t\t\t\t\t\t\t\t\t\t\t\t<\/div>\n\t\t\t\t<\/div>\n\t\t\t\t<div class=\"elementor-element elementor-element-5d76c91 elementor-widget elementor-widget-text-editor\" data-id=\"5d76c91\" data-element_type=\"widget\" data-e-type=\"widget\" data-widget_type=\"text-editor.default\">\n\t\t\t\t<div class=\"elementor-widget-container\">\n\t\t\t\t\t\t\t\t\t<p style=\"text-align: center;\"><a href=\"https:\/\/www.filtecsrl.eu\/fr\/\" target=\"_blank\" rel=\"noopener\">Filtec<\/a> vous attend: stand <strong>C624<\/strong>!<\/p>\t\t\t\t\t\t\t\t<\/div>\n\t\t\t\t<\/div>\n\t\t\t\t\t<\/div>\n\t\t<\/div>\n\t\t\t\t\t<\/div>\n\t\t<\/section>\n\t\t\t\t<\/div>\n\t\t","protected":false},"excerpt":{"rendered":"<p>COMPOUNDING WORLD EXPO: FILTEC VOUS INVITE \u00c0 VISITER SON STAND Compounding World Expo 2024: les dates du principal salon europ\u00e9en des plastiques et additifs ont \u00e9t\u00e9 annonc\u00e9es. Du 11 au 12 septembre 2024, les protagonistes du secteur du plastique se r\u00e9uniront \u00e0 Bruxelles pour conna\u00eetre les derni\u00e8res tendances, nouer de nouveaux contacts d&rsquo;affaires et consolider [&hellip;]<\/p>\n","protected":false},"author":19,"featured_media":9973,"comment_status":"closed","ping_status":"closed","sticky":false,"template":"","format":"standard","meta":{"footnotes":""},"categories":[43],"tags":[],"class_list":["post-9202","post","type-post","status-publish","format-standard","has-post-thumbnail","hentry","category-evenements"],"_links":{"self":[{"href":"https:\/\/www.filtecsrl.eu\/fr\/wp-json\/wp\/v2\/posts\/9202","targetHints":{"allow":["GET"]}}],"collection":[{"href":"https:\/\/www.filtecsrl.eu\/fr\/wp-json\/wp\/v2\/posts"}],"about":[{"href":"https:\/\/www.filtecsrl.eu\/fr\/wp-json\/wp\/v2\/types\/post"}],"author":[{"embeddable":true,"href":"https:\/\/www.filtecsrl.eu\/fr\/wp-json\/wp\/v2\/users\/19"}],"replies":[{"embeddable":true,"href":"https:\/\/www.filtecsrl.eu\/fr\/wp-json\/wp\/v2\/comments?post=9202"}],"version-history":[{"count":0,"href":"https:\/\/www.filtecsrl.eu\/fr\/wp-json\/wp\/v2\/posts\/9202\/revisions"}],"wp:featuredmedia":[{"embeddable":true,"href":"https:\/\/www.filtecsrl.eu\/fr\/wp-json\/wp\/v2\/media\/9973"}],"wp:attachment":[{"href":"https:\/\/www.filtecsrl.eu\/fr\/wp-json\/wp\/v2\/media?parent=9202"}],"wp:term":[{"taxonomy":"category","embeddable":true,"href":"https:\/\/www.filtecsrl.eu\/fr\/wp-json\/wp\/v2\/categories?post=9202"},{"taxonomy":"post_tag","embeddable":true,"href":"https:\/\/www.filtecsrl.eu\/fr\/wp-json\/wp\/v2\/tags?post=9202"}],"curies":[{"name":"wp","href":"https:\/\/api.w.org\/{rel}","templated":true}]}}