{"id":9165,"date":"2024-03-08T10:12:24","date_gmt":"2024-03-08T09:12:24","guid":{"rendered":"https:\/\/www.filtecsrl.eu\/2024\/03\/08\/prs-middle-east-africa-2024-filtec-pret-a-etre-le-protagoniste\/"},"modified":"2024-03-08T10:36:14","modified_gmt":"2024-03-08T09:36:14","slug":"prs-middle-east-africa-2024-filtec-pret-a-etre-le-protagoniste","status":"publish","type":"post","link":"https:\/\/www.filtecsrl.eu\/fr\/2024\/03\/08\/prs-middle-east-africa-2024-filtec-pret-a-etre-le-protagoniste\/","title":{"rendered":"PRS MIDDLE EAST &#038; AFRICA 2024: FILTEC pr\u00eat \u00e0 \u00eatre le protagoniste"},"content":{"rendered":"\t\t<div data-elementor-type=\"wp-post\" data-elementor-id=\"9165\" class=\"elementor elementor-9165 elementor-8849\" data-elementor-post-type=\"post\">\n\t\t\t\t\t\t<section data-particle_enable=\"false\" data-particle-mobile-disabled=\"false\" class=\"elementor-section elementor-top-section elementor-element elementor-element-60b4b601 elementor-section-boxed elementor-section-height-default elementor-section-height-default\" data-id=\"60b4b601\" data-element_type=\"section\" data-e-type=\"section\">\n\t\t\t\t\t\t<div class=\"elementor-container elementor-column-gap-default\">\n\t\t\t\t\t<div class=\"elementor-column elementor-col-100 elementor-top-column elementor-element elementor-element-187c87e3\" data-id=\"187c87e3\" data-element_type=\"column\" data-e-type=\"column\">\n\t\t\t<div class=\"elementor-widget-wrap elementor-element-populated\">\n\t\t\t\t\t\t<div class=\"elementor-element elementor-element-26016803 elementor-widget elementor-widget-text-editor\" data-id=\"26016803\" data-element_type=\"widget\" data-e-type=\"widget\" data-widget_type=\"text-editor.default\">\n\t\t\t\t<div class=\"elementor-widget-container\">\n\t\t\t\t\t\t\t\t\t<h4 style=\"text-align: center;\">PRS MIDDLE EAST &amp; AFRICA 2024: TOUT PR\u00caT POUR LA PARTICIPATION DE FILTEC!<\/h4><p style=\"text-align: center;\"><strong>PRS Middle East &amp; Africa 2024<\/strong> est le seul salon professionnel de la r\u00e9gion MENA d\u00e9di\u00e9 \u00e0 l&rsquo;<strong>industrie du recyclage du plastique<\/strong>. Le rendez-vous aura lieu du <strong>10 au 12 septembre 2024<\/strong> au <strong>Dubai World Trade Center<\/strong> avec les principaux repr\u00e9sentants du secteur dot\u00e9 des derni\u00e8res \u00e9volutions technologiques, du recyclage et de la gestion des d\u00e9chets \u00e0 la fourniture de machines et d&rsquo;\u00e9quipements pour le traitement et la r\u00e9cup\u00e9ration de la mati\u00e8re plastique. <strong>PRS Middle East &amp; Africa 2024<\/strong> accueillera \u00e9galement de nombreux \u00e9v\u00e9nements li\u00e9s \u00e0 l&rsquo;industrie du recyclage du plastique, couvrant divers sujets, notamment la r\u00e9glementation, l&rsquo;\u00e9conomie circulaire, les d\u00e9fis, les opportunit\u00e9s, les tendances, les technologies et les innovations.<\/p>\t\t\t\t\t\t\t\t<\/div>\n\t\t\t\t<\/div>\n\t\t\t\t<div class=\"elementor-element elementor-element-f860471 elementor-widget elementor-widget-image\" data-id=\"f860471\" data-element_type=\"widget\" data-e-type=\"widget\" data-widget_type=\"image.default\">\n\t\t\t\t<div class=\"elementor-widget-container\">\n\t\t\t\t\t\t\t\t\t\t\t\t\t\t\t\t<a href=\"https:\/\/prseventmea.com\/prsmea2024\/en\/page\/home\" target=\"_blank\" rel=\"noopener\">\n\t\t\t\t\t\t\t<img decoding=\"async\" width=\"450\" height=\"101\" src=\"https:\/\/www.filtecsrl.eu\/wp-content\/uploads\/2024\/09\/PRS-1.png\" class=\"attachment-medium_large size-medium_large wp-image-9073\" alt=\"\" srcset=\"https:\/\/www.filtecsrl.eu\/wp-content\/uploads\/2024\/09\/PRS-1.png 450w, https:\/\/www.filtecsrl.eu\/wp-content\/uploads\/2024\/09\/PRS-1-300x67.png 300w\" sizes=\"(max-width: 450px) 100vw, 450px\" \/>\t\t\t\t\t\t\t\t<\/a>\n\t\t\t\t\t\t\t\t\t\t\t\t\t\t\t<\/div>\n\t\t\t\t<\/div>\n\t\t\t\t<div class=\"elementor-element elementor-element-1ec1574 elementor-widget elementor-widget-text-editor\" data-id=\"1ec1574\" data-element_type=\"widget\" data-e-type=\"widget\" data-widget_type=\"text-editor.default\">\n\t\t\t\t<div class=\"elementor-widget-container\">\n\t\t\t\t\t\t\t\t\t<p style=\"text-align: center;\"><a href=\"https:\/\/www.filtecsrl.eu\/fr\/\" target=\"_blank\" rel=\"noopener\">Filtec<\/a> est pr\u00eat \u00e0 s&rsquo;impliquer et \u00e0 participer! Serez-vous l\u00e0?<\/p><p style=\"text-align: center;\">Venez nous rendre visite sur notre stand P406!<\/p>\t\t\t\t\t\t\t\t<\/div>\n\t\t\t\t<\/div>\n\t\t\t\t\t<\/div>\n\t\t<\/div>\n\t\t\t\t\t<\/div>\n\t\t<\/section>\n\t\t\t\t<\/div>\n\t\t","protected":false},"excerpt":{"rendered":"<p>PRS MIDDLE EAST &amp; AFRICA 2024: TOUT PR\u00caT POUR LA PARTICIPATION DE FILTEC! PRS Middle East &amp; Africa 2024 est le seul salon professionnel de la r\u00e9gion MENA d\u00e9di\u00e9 \u00e0 l&rsquo;industrie du recyclage du plastique. Le rendez-vous aura lieu du 10 au 12 septembre 2024 au Dubai World Trade Center avec les principaux repr\u00e9sentants du [&hellip;]<\/p>\n","protected":false},"author":19,"featured_media":9160,"comment_status":"closed","ping_status":"closed","sticky":false,"template":"","format":"standard","meta":{"footnotes":""},"categories":[43],"tags":[],"class_list":["post-9165","post","type-post","status-publish","format-standard","has-post-thumbnail","hentry","category-evenements"],"_links":{"self":[{"href":"https:\/\/www.filtecsrl.eu\/fr\/wp-json\/wp\/v2\/posts\/9165","targetHints":{"allow":["GET"]}}],"collection":[{"href":"https:\/\/www.filtecsrl.eu\/fr\/wp-json\/wp\/v2\/posts"}],"about":[{"href":"https:\/\/www.filtecsrl.eu\/fr\/wp-json\/wp\/v2\/types\/post"}],"author":[{"embeddable":true,"href":"https:\/\/www.filtecsrl.eu\/fr\/wp-json\/wp\/v2\/users\/19"}],"replies":[{"embeddable":true,"href":"https:\/\/www.filtecsrl.eu\/fr\/wp-json\/wp\/v2\/comments?post=9165"}],"version-history":[{"count":0,"href":"https:\/\/www.filtecsrl.eu\/fr\/wp-json\/wp\/v2\/posts\/9165\/revisions"}],"wp:featuredmedia":[{"embeddable":true,"href":"https:\/\/www.filtecsrl.eu\/fr\/wp-json\/wp\/v2\/media\/9160"}],"wp:attachment":[{"href":"https:\/\/www.filtecsrl.eu\/fr\/wp-json\/wp\/v2\/media?parent=9165"}],"wp:term":[{"taxonomy":"category","embeddable":true,"href":"https:\/\/www.filtecsrl.eu\/fr\/wp-json\/wp\/v2\/categories?post=9165"},{"taxonomy":"post_tag","embeddable":true,"href":"https:\/\/www.filtecsrl.eu\/fr\/wp-json\/wp\/v2\/tags?post=9165"}],"curies":[{"name":"wp","href":"https:\/\/api.w.org\/{rel}","templated":true}]}}