{"id":9107,"date":"2024-03-08T09:30:01","date_gmt":"2024-03-08T08:30:01","guid":{"rendered":"https:\/\/www.filtecsrl.eu\/?p=9107"},"modified":"2024-03-08T09:32:26","modified_gmt":"2024-03-08T08:32:26","slug":"prs-europe-2024-filtec-sera-present-avec-ses-solutions-innovantes","status":"publish","type":"post","link":"https:\/\/www.filtecsrl.eu\/fr\/2024\/03\/08\/prs-europe-2024-filtec-sera-present-avec-ses-solutions-innovantes\/","title":{"rendered":"PRS EUROPE 2024: FILTEC sera pr\u00e9sent avec ses solutions innovantes!"},"content":{"rendered":"\t\t<div data-elementor-type=\"wp-post\" data-elementor-id=\"9107\" class=\"elementor elementor-9107 elementor-8842\" data-elementor-post-type=\"post\">\n\t\t\t\t\t\t<section data-particle_enable=\"false\" data-particle-mobile-disabled=\"false\" class=\"elementor-section elementor-top-section elementor-element elementor-element-2061b8d4 elementor-section-boxed elementor-section-height-default elementor-section-height-default\" data-id=\"2061b8d4\" data-element_type=\"section\" data-e-type=\"section\">\n\t\t\t\t\t\t<div class=\"elementor-container elementor-column-gap-default\">\n\t\t\t\t\t<div class=\"elementor-column elementor-col-100 elementor-top-column elementor-element elementor-element-f9b6a6\" data-id=\"f9b6a6\" data-element_type=\"column\" data-e-type=\"column\">\n\t\t\t<div class=\"elementor-widget-wrap elementor-element-populated\">\n\t\t\t\t\t\t<div class=\"elementor-element elementor-element-742abe1a elementor-widget elementor-widget-text-editor\" data-id=\"742abe1a\" data-element_type=\"widget\" data-e-type=\"widget\" data-widget_type=\"text-editor.default\">\n\t\t\t\t<div class=\"elementor-widget-container\">\n\t\t\t\t\t\t\t\t\t<h4 style=\"text-align: center;\">PRS EUROPE 2024: DES SOLUTIONS DE HAUTE QUALIT\u00c9 \u00c0 AMSTERDAM!<\/h4><p style=\"text-align: center;\">De grandes attentes pour <strong>PRS Europe 2024<\/strong>: apr\u00e8s l&rsquo;agrandissement initial d&rsquo;un troisi\u00e8me hall au RAI <strong>Amsterdam<\/strong>, les organisateurs ont annonc\u00e9 que le salon ouvrira d\u00e9sormais un quatri\u00e8me hall suite \u00e0 l&rsquo;\u00e9puisement de l&rsquo;espace d&rsquo;exposition pour l&rsquo;\u00e9v\u00e9nement qui pr\u00e9sentera les <strong>meilleures solutions de recyclage du plastique<\/strong> du <strong>19 au 20 juin 2024<\/strong>.<\/p><p style=\"text-align: center;\">En 2023, le salon a attir\u00e9 plus de <strong>8\u00a0500 visiteurs<\/strong> venus de toute l\u2019Europe et de plus de <strong>80 pays<\/strong>. PRS offre des informations innovantes sur les produits, technologies et solutions, promeut la durabilit\u00e9 et la protection de l&rsquo;environnement et permet aux experts de l&rsquo;industrie d&rsquo;\u00e9changer des informations sur les derniers d\u00e9veloppements dans le domaine du recyclage du plastique. Parmi les acteurs pr\u00e9sents \u00e0 <strong>PRS Europe 2024<\/strong>, il y aura des fournisseurs de machines et d&rsquo;\u00e9quipements pour le recyclage du plastique, des fournisseurs de mati\u00e8res plastiques, des recycleurs m\u00e9caniques et chimiques de plastique et des associations industrielles.<\/p>\t\t\t\t\t\t\t\t<\/div>\n\t\t\t\t<\/div>\n\t\t\t\t<div class=\"elementor-element elementor-element-253ff7b elementor-widget elementor-widget-image\" data-id=\"253ff7b\" data-element_type=\"widget\" data-e-type=\"widget\" data-widget_type=\"image.default\">\n\t\t\t\t<div class=\"elementor-widget-container\">\n\t\t\t\t\t\t\t\t\t\t\t\t\t\t\t\t<a href=\"https:\/\/www.prseventeurope.com\/prse2024\/en\/page\/home\" target=\"_blank\" rel=\"noopener\">\n\t\t\t\t\t\t\t<img fetchpriority=\"high\" decoding=\"async\" width=\"728\" height=\"90\" src=\"https:\/\/www.filtecsrl.eu\/wp-content\/uploads\/2024\/02\/prs-europe-2.png\" class=\"attachment-medium_large size-medium_large wp-image-8829\" alt=\"\" srcset=\"https:\/\/www.filtecsrl.eu\/wp-content\/uploads\/2024\/02\/prs-europe-2.png 728w, https:\/\/www.filtecsrl.eu\/wp-content\/uploads\/2024\/02\/prs-europe-2-300x37.png 300w\" sizes=\"(max-width: 728px) 100vw, 728px\" \/>\t\t\t\t\t\t\t\t<\/a>\n\t\t\t\t\t\t\t\t\t\t\t\t\t\t\t<\/div>\n\t\t\t\t<\/div>\n\t\t\t\t<div class=\"elementor-element elementor-element-827584e elementor-widget elementor-widget-text-editor\" data-id=\"827584e\" data-element_type=\"widget\" data-e-type=\"widget\" data-widget_type=\"text-editor.default\">\n\t\t\t\t<div class=\"elementor-widget-container\">\n\t\t\t\t\t\t\t\t\t<p style=\"text-align: center;\"><a href=\"https:\/\/www.filtecsrl.eu\/fr\/\" target=\"_blank\" rel=\"noopener\">Filtec<\/a> <strong>sera \u00e9galement pr\u00e9sent<\/strong> au PRS Europe 2024! Nous vous attendons nombreux dans le <strong>Hall 12 \u2013 Stand F2<\/strong> pour pr\u00e9senter notre gamme de technologies innovantes, partager les meilleures pratiques, cr\u00e9er des r\u00e9seaux et surtout faire des affaires.<\/p>\t\t\t\t\t\t\t\t<\/div>\n\t\t\t\t<\/div>\n\t\t\t\t\t<\/div>\n\t\t<\/div>\n\t\t\t\t\t<\/div>\n\t\t<\/section>\n\t\t\t\t<\/div>\n\t\t","protected":false},"excerpt":{"rendered":"<p>PRS EUROPE 2024: DES SOLUTIONS DE HAUTE QUALIT\u00c9 \u00c0 AMSTERDAM! De grandes attentes pour PRS Europe 2024: apr\u00e8s l&rsquo;agrandissement initial d&rsquo;un troisi\u00e8me hall au RAI Amsterdam, les organisateurs ont annonc\u00e9 que le salon ouvrira d\u00e9sormais un quatri\u00e8me hall suite \u00e0 l&rsquo;\u00e9puisement de l&rsquo;espace d&rsquo;exposition pour l&rsquo;\u00e9v\u00e9nement qui pr\u00e9sentera les meilleures solutions de recyclage du plastique [&hellip;]<\/p>\n","protected":false},"author":19,"featured_media":9119,"comment_status":"closed","ping_status":"closed","sticky":false,"template":"","format":"standard","meta":{"footnotes":""},"categories":[43],"tags":[],"class_list":["post-9107","post","type-post","status-publish","format-standard","has-post-thumbnail","hentry","category-evenements"],"_links":{"self":[{"href":"https:\/\/www.filtecsrl.eu\/fr\/wp-json\/wp\/v2\/posts\/9107","targetHints":{"allow":["GET"]}}],"collection":[{"href":"https:\/\/www.filtecsrl.eu\/fr\/wp-json\/wp\/v2\/posts"}],"about":[{"href":"https:\/\/www.filtecsrl.eu\/fr\/wp-json\/wp\/v2\/types\/post"}],"author":[{"embeddable":true,"href":"https:\/\/www.filtecsrl.eu\/fr\/wp-json\/wp\/v2\/users\/19"}],"replies":[{"embeddable":true,"href":"https:\/\/www.filtecsrl.eu\/fr\/wp-json\/wp\/v2\/comments?post=9107"}],"version-history":[{"count":0,"href":"https:\/\/www.filtecsrl.eu\/fr\/wp-json\/wp\/v2\/posts\/9107\/revisions"}],"wp:featuredmedia":[{"embeddable":true,"href":"https:\/\/www.filtecsrl.eu\/fr\/wp-json\/wp\/v2\/media\/9119"}],"wp:attachment":[{"href":"https:\/\/www.filtecsrl.eu\/fr\/wp-json\/wp\/v2\/media?parent=9107"}],"wp:term":[{"taxonomy":"category","embeddable":true,"href":"https:\/\/www.filtecsrl.eu\/fr\/wp-json\/wp\/v2\/categories?post=9107"},{"taxonomy":"post_tag","embeddable":true,"href":"https:\/\/www.filtecsrl.eu\/fr\/wp-json\/wp\/v2\/tags?post=9107"}],"curies":[{"name":"wp","href":"https:\/\/api.w.org\/{rel}","templated":true}]}}