{"id":6085,"date":"2022-08-01T21:56:00","date_gmt":"2022-08-01T19:56:00","guid":{"rendered":"https:\/\/www.filtecsrl.eu\/2022\/09\/01\/filtec-est-linvitee-du-talk-show-plastic-is-fantastic\/"},"modified":"2024-01-25T10:28:19","modified_gmt":"2024-01-25T09:28:19","slug":"filtec-est-linvitee-du-talk-show-plastic-is-fantastic","status":"publish","type":"post","link":"https:\/\/www.filtecsrl.eu\/fr\/2022\/08\/01\/filtec-est-linvitee-du-talk-show-plastic-is-fantastic\/","title":{"rendered":"Filtec est l&rsquo;invit\u00e9e du talk-show \u00ab\u00a0Plastic is Fantastic\u00a0\u00bb."},"content":{"rendered":"\t\t<div data-elementor-type=\"wp-post\" data-elementor-id=\"6085\" class=\"elementor elementor-6085 elementor-3604\" data-elementor-post-type=\"post\">\n\t\t\t\t\t\t<section data-particle_enable=\"false\" data-particle-mobile-disabled=\"false\" class=\"elementor-section elementor-top-section elementor-element elementor-element-7aca4ab7 elementor-section-boxed elementor-section-height-default elementor-section-height-default\" data-id=\"7aca4ab7\" data-element_type=\"section\" data-e-type=\"section\">\n\t\t\t\t\t\t<div class=\"elementor-container elementor-column-gap-default\">\n\t\t\t\t\t<div class=\"elementor-column elementor-col-100 elementor-top-column elementor-element elementor-element-5109b329\" data-id=\"5109b329\" data-element_type=\"column\" data-e-type=\"column\">\n\t\t\t<div class=\"elementor-widget-wrap elementor-element-populated\">\n\t\t\t\t\t\t<div class=\"elementor-element elementor-element-6bb3369b elementor-widget elementor-widget-text-editor\" data-id=\"6bb3369b\" data-element_type=\"widget\" data-e-type=\"widget\" data-widget_type=\"text-editor.default\">\n\t\t\t\t<div class=\"elementor-widget-container\">\n\t\t\t\t\t\t\t\t\t\n<h4 style=\"text-align: center;\">Filtec en studio pour \u00ab Plastic is Fantastic \u00bb<\/h4>\n<p class=\"has-text-align-center\" style=\"text-align: center;\">Notre <strong>PDG, M. Giovanni Baracco<\/strong>, et notre <strong>directrice des ventes et du marketing, Mme Maria Elena Veronese<\/strong>, sont les protagonistes du nouvel \u00e9pisode de <strong>\u00ab\u00a0Plastic is Fantastic\u00a0\u00bb<\/strong>, organis\u00e9 par Tecnoedizioni Group avec l&rsquo;animateur Marco Mastrosanti. Une excellente occasion de parler de l&rsquo;entreprise et de d\u00e9montrer la passion qui caract\u00e9rise tous ses employ\u00e9s. Ne manquez pas l&rsquo;interview pour d\u00e9couvrir les grandes nouveaut\u00e9s de 2022!<\/p>\n\t\t\t\t\t\t\t\t<\/div>\n\t\t\t\t<\/div>\n\t\t\t\t\t<\/div>\n\t\t<\/div>\n\t\t\t\t\t<\/div>\n\t\t<\/section>\n\t\t\t\t<section data-particle_enable=\"false\" data-particle-mobile-disabled=\"false\" class=\"elementor-section elementor-top-section elementor-element elementor-element-652ce91 elementor-section-boxed elementor-section-height-default elementor-section-height-default\" data-id=\"652ce91\" data-element_type=\"section\" data-e-type=\"section\">\n\t\t\t\t\t\t<div class=\"elementor-container elementor-column-gap-default\">\n\t\t\t\t\t<div class=\"elementor-column elementor-col-100 elementor-top-column elementor-element elementor-element-53eaaa8\" data-id=\"53eaaa8\" data-element_type=\"column\" data-e-type=\"column\">\n\t\t\t<div class=\"elementor-widget-wrap elementor-element-populated\">\n\t\t\t\t\t\t<div class=\"elementor-element elementor-element-7069e61 elementor-widget elementor-widget-video\" data-id=\"7069e61\" data-element_type=\"widget\" data-e-type=\"widget\" data-settings=\"{&quot;youtube_url&quot;:&quot;https:\\\/\\\/www.youtube.com\\\/watch?v=2A4flDkZr_s&quot;,&quot;video_type&quot;:&quot;youtube&quot;,&quot;controls&quot;:&quot;yes&quot;}\" data-widget_type=\"video.default\">\n\t\t\t\t<div class=\"elementor-widget-container\">\n\t\t\t\t\t\t\t<div class=\"elementor-wrapper elementor-open-inline\">\n\t\t\t<div class=\"elementor-video\"><\/div>\t\t<\/div>\n\t\t\t\t\t\t<\/div>\n\t\t\t\t<\/div>\n\t\t\t\t\t<\/div>\n\t\t<\/div>\n\t\t\t\t\t<\/div>\n\t\t<\/section>\n\t\t\t\t<\/div>\n\t\t","protected":false},"excerpt":{"rendered":"<p>Filtec en studio pour \u00ab Plastic is Fantastic \u00bb Notre PDG, M. Giovanni Baracco, et notre directrice des ventes et du marketing, Mme Maria Elena Veronese, sont les protagonistes du nouvel \u00e9pisode de \u00ab\u00a0Plastic is Fantastic\u00a0\u00bb, organis\u00e9 par Tecnoedizioni Group avec l&rsquo;animateur Marco Mastrosanti. Une excellente occasion de parler de l&rsquo;entreprise et de d\u00e9montrer la [&hellip;]<\/p>\n","protected":false},"author":19,"featured_media":5796,"comment_status":"closed","ping_status":"closed","sticky":false,"template":"","format":"standard","meta":{"footnotes":""},"categories":[39],"tags":[],"class_list":["post-6085","post","type-post","status-publish","format-standard","has-post-thumbnail","hentry","category-news"],"_links":{"self":[{"href":"https:\/\/www.filtecsrl.eu\/fr\/wp-json\/wp\/v2\/posts\/6085","targetHints":{"allow":["GET"]}}],"collection":[{"href":"https:\/\/www.filtecsrl.eu\/fr\/wp-json\/wp\/v2\/posts"}],"about":[{"href":"https:\/\/www.filtecsrl.eu\/fr\/wp-json\/wp\/v2\/types\/post"}],"author":[{"embeddable":true,"href":"https:\/\/www.filtecsrl.eu\/fr\/wp-json\/wp\/v2\/users\/19"}],"replies":[{"embeddable":true,"href":"https:\/\/www.filtecsrl.eu\/fr\/wp-json\/wp\/v2\/comments?post=6085"}],"version-history":[{"count":0,"href":"https:\/\/www.filtecsrl.eu\/fr\/wp-json\/wp\/v2\/posts\/6085\/revisions"}],"wp:featuredmedia":[{"embeddable":true,"href":"https:\/\/www.filtecsrl.eu\/fr\/wp-json\/wp\/v2\/media\/5796"}],"wp:attachment":[{"href":"https:\/\/www.filtecsrl.eu\/fr\/wp-json\/wp\/v2\/media?parent=6085"}],"wp:term":[{"taxonomy":"category","embeddable":true,"href":"https:\/\/www.filtecsrl.eu\/fr\/wp-json\/wp\/v2\/categories?post=6085"},{"taxonomy":"post_tag","embeddable":true,"href":"https:\/\/www.filtecsrl.eu\/fr\/wp-json\/wp\/v2\/tags?post=6085"}],"curies":[{"name":"wp","href":"https:\/\/api.w.org\/{rel}","templated":true}]}}