{"id":6081,"date":"2022-10-19T21:50:00","date_gmt":"2022-10-19T19:50:00","guid":{"rendered":"https:\/\/www.filtecsrl.eu\/2022\/09\/01\/filtec-vous-attend-a-dusseldorf-pour-le-salon-k-2022-hall-9-stand-e29\/"},"modified":"2024-01-25T10:33:34","modified_gmt":"2024-01-25T09:33:34","slug":"filtec-vous-attend-a-dusseldorf-pour-le-salon-k-2022-hall-9-stand-e29","status":"publish","type":"post","link":"https:\/\/www.filtecsrl.eu\/fr\/2022\/10\/19\/filtec-vous-attend-a-dusseldorf-pour-le-salon-k-2022-hall-9-stand-e29\/","title":{"rendered":"Filtec vous attend \u00e0 Dusseldorf pour le salon K 2022 &#8211; Hall 9 Stand E29"},"content":{"rendered":"\t\t<div data-elementor-type=\"wp-post\" data-elementor-id=\"6081\" class=\"elementor elementor-6081 elementor-5501\" data-elementor-post-type=\"post\">\n\t\t\t\t\t\t<section data-particle_enable=\"false\" data-particle-mobile-disabled=\"false\" class=\"elementor-section elementor-top-section elementor-element elementor-element-604024d7 elementor-section-boxed elementor-section-height-default elementor-section-height-default\" data-id=\"604024d7\" data-element_type=\"section\" data-e-type=\"section\">\n\t\t\t\t\t\t<div class=\"elementor-container elementor-column-gap-default\">\n\t\t\t\t\t<div class=\"elementor-column elementor-col-100 elementor-top-column elementor-element elementor-element-7e0c4f5e\" data-id=\"7e0c4f5e\" data-element_type=\"column\" data-e-type=\"column\">\n\t\t\t<div class=\"elementor-widget-wrap elementor-element-populated\">\n\t\t\t\t\t\t<div class=\"elementor-element elementor-element-7cd2f4c6 elementor-widget elementor-widget-text-editor\" data-id=\"7cd2f4c6\" data-element_type=\"widget\" data-e-type=\"widget\" data-widget_type=\"text-editor.default\">\n\t\t\t\t<div class=\"elementor-widget-container\">\n\t\t\t\t\t\t\t\t\t\n<h4 style=\"text-align: center;\">C&rsquo;est bient\u00f4t l&rsquo;heure du salon K: Filtec sera pr\u00e9sent!<\/h4>\n<p class=\"has-text-align-center\">Cette ann\u00e9e encore, <strong>Filtec<\/strong> sera pr\u00e9sent <strong>du 19\/10 au 26\/10<\/strong> \u00e0 l&rsquo;importante <strong>Messe K<\/strong> de <strong>D\u00fcsseldorf<\/strong>, un \u00e9v\u00e9nement cl\u00e9 dans l&rsquo;industrie du <strong>plastique et du caoutchouc<\/strong>.<\/p>\n\n<p class=\"has-text-align-center\">Parmi les plus de <strong>3 300 exposants<\/strong> de <strong>63 pays<\/strong> qui seront pr\u00e9sents \u00e0 cet \u00e9v\u00e9nement mondial, <strong>Filtec <\/strong>sera \u00e9galement parmi les <strong>principales entreprises<\/strong> \u00e0 pr\u00e9senter ses installations, dont la nouvelle <strong>installation UW LAB<\/strong> et l&rsquo;<strong>installation<\/strong> historique <strong>Water Ring GRO<\/strong>. Nous y rencontrerons de nouvelles opportunit\u00e9s et pr\u00e9senterons de <strong>nouveaux d\u00e9veloppements<\/strong> qui nous placent en excellente position dans la <strong>comp\u00e9tition internationale<\/strong>.<\/p>\n\n<p class=\"has-text-align-center\"><strong>L&rsquo;internationalit\u00e9<\/strong> n&rsquo;est nulle part aussi pr\u00e9sente qu&rsquo;\u00e0 D\u00fcsseldorf.<\/p>\n<p><img fetchpriority=\"high\" decoding=\"async\" class=\"wp-image-5934 aligncenter\" src=\"https:\/\/www.filtecsrl.eu\/wp-content\/uploads\/2022\/07\/BANNER-K-PER-FIRMA.png\" alt=\"\" width=\"521\" height=\"104\" srcset=\"https:\/\/www.filtecsrl.eu\/wp-content\/uploads\/2022\/07\/BANNER-K-PER-FIRMA.png 550w, https:\/\/www.filtecsrl.eu\/wp-content\/uploads\/2022\/07\/BANNER-K-PER-FIRMA-300x60.png 300w\" sizes=\"(max-width: 521px) 100vw, 521px\" \/><\/p>\n\n<p class=\"has-text-align-center\"><strong>Filtec<\/strong> vous attend \u00e0 son <strong>stand : Hall 9 Stand E29!<\/strong><\/p>\n\t\t\t\t\t\t\t\t<\/div>\n\t\t\t\t<\/div>\n\t\t\t\t\t<\/div>\n\t\t<\/div>\n\t\t\t\t\t<\/div>\n\t\t<\/section>\n\t\t\t\t<\/div>\n\t\t","protected":false},"excerpt":{"rendered":"<p>C&rsquo;est bient\u00f4t l&rsquo;heure du salon K: Filtec sera pr\u00e9sent! Cette ann\u00e9e encore, Filtec sera pr\u00e9sent du 19\/10 au 26\/10 \u00e0 l&rsquo;importante Messe K de D\u00fcsseldorf, un \u00e9v\u00e9nement cl\u00e9 dans l&rsquo;industrie du plastique et du caoutchouc. Parmi les plus de 3 300 exposants de 63 pays qui seront pr\u00e9sents \u00e0 cet \u00e9v\u00e9nement mondial, Filtec sera \u00e9galement [&hellip;]<\/p>\n","protected":false},"author":19,"featured_media":5951,"comment_status":"closed","ping_status":"closed","sticky":false,"template":"","format":"standard","meta":{"footnotes":""},"categories":[43],"tags":[],"class_list":["post-6081","post","type-post","status-publish","format-standard","has-post-thumbnail","hentry","category-evenements"],"_links":{"self":[{"href":"https:\/\/www.filtecsrl.eu\/fr\/wp-json\/wp\/v2\/posts\/6081","targetHints":{"allow":["GET"]}}],"collection":[{"href":"https:\/\/www.filtecsrl.eu\/fr\/wp-json\/wp\/v2\/posts"}],"about":[{"href":"https:\/\/www.filtecsrl.eu\/fr\/wp-json\/wp\/v2\/types\/post"}],"author":[{"embeddable":true,"href":"https:\/\/www.filtecsrl.eu\/fr\/wp-json\/wp\/v2\/users\/19"}],"replies":[{"embeddable":true,"href":"https:\/\/www.filtecsrl.eu\/fr\/wp-json\/wp\/v2\/comments?post=6081"}],"version-history":[{"count":0,"href":"https:\/\/www.filtecsrl.eu\/fr\/wp-json\/wp\/v2\/posts\/6081\/revisions"}],"wp:featuredmedia":[{"embeddable":true,"href":"https:\/\/www.filtecsrl.eu\/fr\/wp-json\/wp\/v2\/media\/5951"}],"wp:attachment":[{"href":"https:\/\/www.filtecsrl.eu\/fr\/wp-json\/wp\/v2\/media?parent=6081"}],"wp:term":[{"taxonomy":"category","embeddable":true,"href":"https:\/\/www.filtecsrl.eu\/fr\/wp-json\/wp\/v2\/categories?post=6081"},{"taxonomy":"post_tag","embeddable":true,"href":"https:\/\/www.filtecsrl.eu\/fr\/wp-json\/wp\/v2\/tags?post=6081"}],"curies":[{"name":"wp","href":"https:\/\/api.w.org\/{rel}","templated":true}]}}