{"id":6065,"date":"2021-06-25T21:27:00","date_gmt":"2021-06-25T19:27:00","guid":{"rendered":"https:\/\/www.filtecsrl.eu\/2022\/09\/01\/25-juin-2021-filtec-a-levenement-de-la-semaine-du-plastique-de-bandera\/"},"modified":"2024-01-25T11:44:56","modified_gmt":"2024-01-25T10:44:56","slug":"25-juin-2021-filtec-a-levenement-de-la-semaine-du-plastique-de-bandera","status":"publish","type":"post","link":"https:\/\/www.filtecsrl.eu\/fr\/2021\/06\/25\/25-juin-2021-filtec-a-levenement-de-la-semaine-du-plastique-de-bandera\/","title":{"rendered":"25 juin 2021 &#8211; Filtec \u00e0 l&rsquo;\u00e9v\u00e9nement de la Semaine du plastique de Bandera"},"content":{"rendered":"\t\t<div data-elementor-type=\"wp-post\" data-elementor-id=\"6065\" class=\"elementor elementor-6065 elementor-3885\" data-elementor-post-type=\"post\">\n\t\t\t\t\t\t<section data-particle_enable=\"false\" data-particle-mobile-disabled=\"false\" class=\"elementor-section elementor-top-section elementor-element elementor-element-21f0449d elementor-section-boxed elementor-section-height-default elementor-section-height-default\" data-id=\"21f0449d\" data-element_type=\"section\" data-e-type=\"section\">\n\t\t\t\t\t\t<div class=\"elementor-container elementor-column-gap-default\">\n\t\t\t\t\t<div class=\"elementor-column elementor-col-100 elementor-top-column elementor-element elementor-element-425462b4\" data-id=\"425462b4\" data-element_type=\"column\" data-e-type=\"column\">\n\t\t\t<div class=\"elementor-widget-wrap elementor-element-populated\">\n\t\t\t\t\t\t<div class=\"elementor-element elementor-element-76be49ad elementor-widget elementor-widget-text-editor\" data-id=\"76be49ad\" data-element_type=\"widget\" data-e-type=\"widget\" data-widget_type=\"text-editor.default\">\n\t\t\t\t<div class=\"elementor-widget-container\">\n\t\t\t\t\t\t\t\t\t<h4 class=\"has-text-align-center\">Filtec vous invite \u00e0 l&rsquo;\u00e9v\u00e9nement BANDERA PLASTIC INDUSTRY EVOLUTION, vendredi 25 juin 2021 &#8211; Portes ouvertes virtuelles<\/h4><p class=\"has-text-align-center\">Quatre jours pour d\u00e9couvrir l&rsquo;\u00e9v\u00e9nement num\u00e9rique sur le march\u00e9 de l&#8217;emballage et de la couverture &#8211; en direct de THOE &#8211; la maison de l&rsquo;extrusion en Italie. SEMAINE PLASTIQUE BANDERA 2021 &#8211; PORTES OUVERTES VIRTUELLES<\/p><p class=\"has-text-align-center\">Le 25 juin, dernier jour de la Semaine du plastique de Bandera, est consacr\u00e9 \u00e0 la discussion de l&rsquo;\u00e9volution du march\u00e9 du plastique, avec un accent sur le recyclage et les mat\u00e9riaux biologiques. Filtec, le fournisseur de Bandera, sera pr\u00e9sent!<\/p><figure class=\"wp-block-image size-large\"><img fetchpriority=\"high\" decoding=\"async\" width=\"1024\" height=\"535\" class=\"wp-image-5831 aligncenter\" src=\"https:\/\/www.filtecsrl.eu\/wp-content\/uploads\/2022\/03\/plastic-week-web-d4-002-1030x538-1-1024x535.jpg\" alt=\"\" srcset=\"https:\/\/www.filtecsrl.eu\/wp-content\/uploads\/2022\/03\/plastic-week-web-d4-002-1030x538-1-1024x535.jpg 1024w, https:\/\/www.filtecsrl.eu\/wp-content\/uploads\/2022\/03\/plastic-week-web-d4-002-1030x538-1-300x157.jpg 300w, https:\/\/www.filtecsrl.eu\/wp-content\/uploads\/2022\/03\/plastic-week-web-d4-002-1030x538-1-768x401.jpg 768w, https:\/\/www.filtecsrl.eu\/wp-content\/uploads\/2022\/03\/plastic-week-web-d4-002-1030x538-1.jpg 1030w\" sizes=\"(max-width: 1024px) 100vw, 1024px\" \/><\/figure>\t\t\t\t\t\t\t\t<\/div>\n\t\t\t\t<\/div>\n\t\t\t\t\t<\/div>\n\t\t<\/div>\n\t\t\t\t\t<\/div>\n\t\t<\/section>\n\t\t\t\t<\/div>\n\t\t","protected":false},"excerpt":{"rendered":"<p>Filtec vous invite \u00e0 l&rsquo;\u00e9v\u00e9nement BANDERA PLASTIC INDUSTRY EVOLUTION, vendredi 25 juin 2021 &#8211; Portes ouvertes virtuelles Quatre jours pour d\u00e9couvrir l&rsquo;\u00e9v\u00e9nement num\u00e9rique sur le march\u00e9 de l&#8217;emballage et de la couverture &#8211; en direct de THOE &#8211; la maison de l&rsquo;extrusion en Italie. SEMAINE PLASTIQUE BANDERA 2021 &#8211; PORTES OUVERTES VIRTUELLES Le 25 juin, [&hellip;]<\/p>\n","protected":false},"author":19,"featured_media":5832,"comment_status":"closed","ping_status":"closed","sticky":false,"template":"","format":"standard","meta":{"footnotes":""},"categories":[43],"tags":[],"class_list":["post-6065","post","type-post","status-publish","format-standard","has-post-thumbnail","hentry","category-evenements"],"_links":{"self":[{"href":"https:\/\/www.filtecsrl.eu\/fr\/wp-json\/wp\/v2\/posts\/6065","targetHints":{"allow":["GET"]}}],"collection":[{"href":"https:\/\/www.filtecsrl.eu\/fr\/wp-json\/wp\/v2\/posts"}],"about":[{"href":"https:\/\/www.filtecsrl.eu\/fr\/wp-json\/wp\/v2\/types\/post"}],"author":[{"embeddable":true,"href":"https:\/\/www.filtecsrl.eu\/fr\/wp-json\/wp\/v2\/users\/19"}],"replies":[{"embeddable":true,"href":"https:\/\/www.filtecsrl.eu\/fr\/wp-json\/wp\/v2\/comments?post=6065"}],"version-history":[{"count":0,"href":"https:\/\/www.filtecsrl.eu\/fr\/wp-json\/wp\/v2\/posts\/6065\/revisions"}],"wp:featuredmedia":[{"embeddable":true,"href":"https:\/\/www.filtecsrl.eu\/fr\/wp-json\/wp\/v2\/media\/5832"}],"wp:attachment":[{"href":"https:\/\/www.filtecsrl.eu\/fr\/wp-json\/wp\/v2\/media?parent=6065"}],"wp:term":[{"taxonomy":"category","embeddable":true,"href":"https:\/\/www.filtecsrl.eu\/fr\/wp-json\/wp\/v2\/categories?post=6065"},{"taxonomy":"post_tag","embeddable":true,"href":"https:\/\/www.filtecsrl.eu\/fr\/wp-json\/wp\/v2\/tags?post=6065"}],"curies":[{"name":"wp","href":"https:\/\/api.w.org\/{rel}","templated":true}]}}