{"id":7278,"date":"2023-03-28T12:13:15","date_gmt":"2023-03-28T10:13:15","guid":{"rendered":"https:\/\/www.filtecsrl.eu\/2023\/03\/28\/la-union-hace-la-fuerza-filtec-en-equiplast-2023\/"},"modified":"2024-01-25T11:04:04","modified_gmt":"2024-01-25T10:04:04","slug":"la-union-hace-la-fuerza-filtec-en-equiplast-2023","status":"publish","type":"post","link":"https:\/\/www.filtecsrl.eu\/es\/2023\/03\/28\/la-union-hace-la-fuerza-filtec-en-equiplast-2023\/","title":{"rendered":"La uni\u00f3n hace la fuerza: \u00a1FILTEC en EQUIPLAST 2023!"},"content":{"rendered":"\t\t<div data-elementor-type=\"wp-post\" data-elementor-id=\"7278\" class=\"elementor elementor-7278 elementor-7006\" data-elementor-post-type=\"post\">\n\t\t\t\t\t\t<section data-particle_enable=\"false\" data-particle-mobile-disabled=\"false\" class=\"elementor-section elementor-top-section elementor-element elementor-element-13a1c08c elementor-section-boxed elementor-section-height-default elementor-section-height-default\" data-id=\"13a1c08c\" data-element_type=\"section\" data-e-type=\"section\">\n\t\t\t\t\t\t<div class=\"elementor-container elementor-column-gap-default\">\n\t\t\t\t\t<div class=\"elementor-column elementor-col-100 elementor-top-column elementor-element elementor-element-288a2395\" data-id=\"288a2395\" data-element_type=\"column\" data-e-type=\"column\">\n\t\t\t<div class=\"elementor-widget-wrap elementor-element-populated\">\n\t\t\t\t\t\t<div class=\"elementor-element elementor-element-67409e4c elementor-widget elementor-widget-text-editor\" data-id=\"67409e4c\" data-element_type=\"widget\" data-e-type=\"widget\" data-widget_type=\"text-editor.default\">\n\t\t\t\t<div class=\"elementor-widget-container\">\n\t\t\t\t\t\t\t\t\t<h4 style=\"text-align: center;\"><a href=\"https:\/\/www.equiplast.com\/\" target=\"_blank\" rel=\"noopener\">EQUIPLAST 2023<\/a> del 30 Mayo al 02 Junio 2023 en FIRA BARCELONA.<\/h4><p style=\"text-align: center;\">Tras la edici\u00f3n \u00abexcepcional\u00bb celebrada en 2021, EQUIPLAST est\u00e1 lista para reconfirmarse entre las ferias m\u00e1s importantes del <strong>sector del pl\u00e1stico y el caucho<\/strong>.<\/p><p style=\"text-align: center;\">Este a\u00f1o, m\u00e1s que nunca, la feria renueva su compromiso de minimizar el <strong>impacto ambiental<\/strong> de su actividad industrial, y de centrarse sobre todo en las tem\u00e1ticas de <a href=\"https:\/\/www.filtecsrl.eu\/es\/aplicaciones\/sistemas-de-reciclaje-de-plastico\/\">econom\u00eda circular<\/a> e innovaci\u00f3n sostenible. EQUIPLAST 2023 tambi\u00e9n promueve el networking entre start-ups, centros de investigaci\u00f3n y empresas l\u00edderes en el sector, para poner en comunicaci\u00f3n la <strong>experiencia y las nuevas tecnolog\u00edas<\/strong>.<\/p><p><img fetchpriority=\"high\" decoding=\"async\" class=\"aligncenter\" src=\"https:\/\/www.filtecsrl.eu\/wp-content\/uploads\/2023\/03\/proposta-firma-1-eng.jpg\" alt=\"Equiplast 2023\" width=\"633\" height=\"119\" \/><\/p><p style=\"text-align: center;\"><strong>FILTEC<\/strong> tambi\u00e9n est\u00e1 dispuesta a aceptar el reto, y os invita a todos al <strong>HALL P3 &#8211; STAND D4<\/strong> donde nos encontrar\u00e9is en compa\u00f1\u00eda de nuestra persona de contacto para Espa\u00f1a I-MAQUINA.<\/p>\t\t\t\t\t\t\t\t<\/div>\n\t\t\t\t<\/div>\n\t\t\t\t\t<\/div>\n\t\t<\/div>\n\t\t\t\t\t<\/div>\n\t\t<\/section>\n\t\t\t\t<\/div>\n\t\t","protected":false},"excerpt":{"rendered":"<p>EQUIPLAST 2023 del 30 Mayo al 02 Junio 2023 en FIRA BARCELONA. Tras la edici\u00f3n \u00abexcepcional\u00bb celebrada en 2021, EQUIPLAST est\u00e1 lista para reconfirmarse entre las ferias m\u00e1s importantes del sector del pl\u00e1stico y el caucho. Este a\u00f1o, m\u00e1s que nunca, la feria renueva su compromiso de minimizar el impacto ambiental de su actividad industrial, [&hellip;]<\/p>\n","protected":false},"author":19,"featured_media":7163,"comment_status":"closed","ping_status":"closed","sticky":false,"template":"","format":"standard","meta":{"footnotes":""},"categories":[36],"tags":[],"class_list":["post-7278","post","type-post","status-publish","format-standard","has-post-thumbnail","hentry","category-eventos"],"_links":{"self":[{"href":"https:\/\/www.filtecsrl.eu\/es\/wp-json\/wp\/v2\/posts\/7278","targetHints":{"allow":["GET"]}}],"collection":[{"href":"https:\/\/www.filtecsrl.eu\/es\/wp-json\/wp\/v2\/posts"}],"about":[{"href":"https:\/\/www.filtecsrl.eu\/es\/wp-json\/wp\/v2\/types\/post"}],"author":[{"embeddable":true,"href":"https:\/\/www.filtecsrl.eu\/es\/wp-json\/wp\/v2\/users\/19"}],"replies":[{"embeddable":true,"href":"https:\/\/www.filtecsrl.eu\/es\/wp-json\/wp\/v2\/comments?post=7278"}],"version-history":[{"count":0,"href":"https:\/\/www.filtecsrl.eu\/es\/wp-json\/wp\/v2\/posts\/7278\/revisions"}],"wp:featuredmedia":[{"embeddable":true,"href":"https:\/\/www.filtecsrl.eu\/es\/wp-json\/wp\/v2\/media\/7163"}],"wp:attachment":[{"href":"https:\/\/www.filtecsrl.eu\/es\/wp-json\/wp\/v2\/media?parent=7278"}],"wp:term":[{"taxonomy":"category","embeddable":true,"href":"https:\/\/www.filtecsrl.eu\/es\/wp-json\/wp\/v2\/categories?post=7278"},{"taxonomy":"post_tag","embeddable":true,"href":"https:\/\/www.filtecsrl.eu\/es\/wp-json\/wp\/v2\/tags?post=7278"}],"curies":[{"name":"wp","href":"https:\/\/api.w.org\/{rel}","templated":true}]}}