{"id":7271,"date":"2023-03-28T12:07:34","date_gmt":"2023-03-28T10:07:34","guid":{"rendered":"https:\/\/www.filtecsrl.eu\/2023\/03\/28\/filtec-renueva-la-cita-y-os-invita-a-la-feria-prs-europe-2023\/"},"modified":"2024-01-25T11:05:58","modified_gmt":"2024-01-25T10:05:58","slug":"filtec-renueva-la-cita-y-os-invita-a-la-feria-prs-europe-2023","status":"publish","type":"post","link":"https:\/\/www.filtecsrl.eu\/es\/2023\/03\/28\/filtec-renueva-la-cita-y-os-invita-a-la-feria-prs-europe-2023\/","title":{"rendered":"\u00a1FILTEC renueva la cita y os invita a la feria PRS EUROPE 2023!"},"content":{"rendered":"\t\t<div data-elementor-type=\"wp-post\" data-elementor-id=\"7271\" class=\"elementor elementor-7271 elementor-7003\" data-elementor-post-type=\"post\">\n\t\t\t\t\t\t<section data-particle_enable=\"false\" data-particle-mobile-disabled=\"false\" class=\"elementor-section elementor-top-section elementor-element elementor-element-44edb930 elementor-section-boxed elementor-section-height-default elementor-section-height-default\" data-id=\"44edb930\" data-element_type=\"section\" data-e-type=\"section\">\n\t\t\t\t\t\t<div class=\"elementor-container elementor-column-gap-default\">\n\t\t\t\t\t<div class=\"elementor-column elementor-col-100 elementor-top-column elementor-element elementor-element-4a806e32\" data-id=\"4a806e32\" data-element_type=\"column\" data-e-type=\"column\">\n\t\t\t<div class=\"elementor-widget-wrap elementor-element-populated\">\n\t\t\t\t\t\t<div class=\"elementor-element elementor-element-5d9a7568 elementor-widget elementor-widget-text-editor\" data-id=\"5d9a7568\" data-element_type=\"widget\" data-e-type=\"widget\" data-widget_type=\"text-editor.default\">\n\t\t\t\t<div class=\"elementor-widget-container\">\n\t\t\t\t\t\t\t\t\t<h4 style=\"text-align: center;\">\u00a1Se acab\u00f3 la espera, ya salieron las fechas!<\/h4><p style=\"text-align: center;\"><a href=\"https:\/\/www.prseventeurope.com\/prse2023\/en\/page\/home\" target=\"_blank\" rel=\"noopener\">PRS EUROPE 2023<\/a> se llevar\u00e1 a cabo en la hermosa Amsterdam en AMSTERDAM RAI EXHIBITION del 10 al 11 de Mayo de 2023.<\/p><p style=\"text-align: center;\">Tambi\u00e9n este a\u00f1o PRS EUROPE 2023 se reconfirma como un evento fundamental para todas las empresas enfocadas en la <strong>innovaci\u00f3n tecnol\u00f3gica<\/strong> con la mirada puesta en las novedades sobre <strong>sostenibilidad y reciclaje<\/strong>.<\/p><p style=\"text-align: center;\">Como siempre, FILTEC estar\u00e1 entre los principales nombres que participar\u00e1n en esta feria tan importante. \u00a1Estamos ansiosos por presentar nuestra gama de <a href=\"https:\/\/www.filtecsrl.eu\/es\/productos\/\">productos<\/a> <strong>altamente personalizables<\/strong> y estudiar juntos la soluci\u00f3n adecuada para usted!<\/p><p style=\"text-align: center;\"><img decoding=\"async\" class=\"\" src=\"https:\/\/www.filtecsrl.eu\/wp-content\/uploads\/2023\/03\/e865304c-a08c-11ed-a179-000000000000-2.png\" alt=\"prs Europe 2023\" width=\"593\" height=\"73\" \/><\/p><p style=\"text-align: center;\"><strong>FILTEC<\/strong> le espera en su stand, <strong>HALL 12 &#8211; STAND F2<\/strong>. \u00a1Ven y encu\u00e9ntranos!<\/p>\t\t\t\t\t\t\t\t<\/div>\n\t\t\t\t<\/div>\n\t\t\t\t\t<\/div>\n\t\t<\/div>\n\t\t\t\t\t<\/div>\n\t\t<\/section>\n\t\t\t\t<\/div>\n\t\t","protected":false},"excerpt":{"rendered":"<p>\u00a1Se acab\u00f3 la espera, ya salieron las fechas! PRS EUROPE 2023 se llevar\u00e1 a cabo en la hermosa Amsterdam en AMSTERDAM RAI EXHIBITION del 10 al 11 de Mayo de 2023. Tambi\u00e9n este a\u00f1o PRS EUROPE 2023 se reconfirma como un evento fundamental para todas las empresas enfocadas en la innovaci\u00f3n tecnol\u00f3gica con la mirada [&hellip;]<\/p>\n","protected":false},"author":19,"featured_media":7147,"comment_status":"closed","ping_status":"closed","sticky":false,"template":"","format":"standard","meta":{"footnotes":""},"categories":[36],"tags":[],"class_list":["post-7271","post","type-post","status-publish","format-standard","has-post-thumbnail","hentry","category-eventos"],"_links":{"self":[{"href":"https:\/\/www.filtecsrl.eu\/es\/wp-json\/wp\/v2\/posts\/7271","targetHints":{"allow":["GET"]}}],"collection":[{"href":"https:\/\/www.filtecsrl.eu\/es\/wp-json\/wp\/v2\/posts"}],"about":[{"href":"https:\/\/www.filtecsrl.eu\/es\/wp-json\/wp\/v2\/types\/post"}],"author":[{"embeddable":true,"href":"https:\/\/www.filtecsrl.eu\/es\/wp-json\/wp\/v2\/users\/19"}],"replies":[{"embeddable":true,"href":"https:\/\/www.filtecsrl.eu\/es\/wp-json\/wp\/v2\/comments?post=7271"}],"version-history":[{"count":0,"href":"https:\/\/www.filtecsrl.eu\/es\/wp-json\/wp\/v2\/posts\/7271\/revisions"}],"wp:featuredmedia":[{"embeddable":true,"href":"https:\/\/www.filtecsrl.eu\/es\/wp-json\/wp\/v2\/media\/7147"}],"wp:attachment":[{"href":"https:\/\/www.filtecsrl.eu\/es\/wp-json\/wp\/v2\/media?parent=7271"}],"wp:term":[{"taxonomy":"category","embeddable":true,"href":"https:\/\/www.filtecsrl.eu\/es\/wp-json\/wp\/v2\/categories?post=7271"},{"taxonomy":"post_tag","embeddable":true,"href":"https:\/\/www.filtecsrl.eu\/es\/wp-json\/wp\/v2\/tags?post=7271"}],"curies":[{"name":"wp","href":"https:\/\/api.w.org\/{rel}","templated":true}]}}