{"id":5117,"date":"2022-03-04T17:02:00","date_gmt":"2022-03-04T16:02:00","guid":{"rendered":"https:\/\/www.filtecsrl.eu\/2022\/03\/04\/filtec-wird-auf-der-prs-europe-2022-stand-a20-sein\/"},"modified":"2024-01-25T11:37:10","modified_gmt":"2024-01-25T10:37:10","slug":"filtec-estara-en-prs-europe-2022-stand-a20","status":"publish","type":"post","link":"https:\/\/www.filtecsrl.eu\/es\/2022\/03\/04\/filtec-estara-en-prs-europe-2022-stand-a20\/","title":{"rendered":"Filtec estar\u00e1 en PRS EUROPE 2022 &#8211; STAND A20"},"content":{"rendered":"\t\t<div data-elementor-type=\"wp-post\" data-elementor-id=\"5117\" class=\"elementor elementor-5117 elementor-3661\" data-elementor-post-type=\"post\">\n\t\t\t\t\t\t<section data-particle_enable=\"false\" data-particle-mobile-disabled=\"false\" class=\"elementor-section elementor-top-section elementor-element elementor-element-79d1459c elementor-section-boxed elementor-section-height-default elementor-section-height-default\" data-id=\"79d1459c\" data-element_type=\"section\" data-e-type=\"section\">\n\t\t\t\t\t\t<div class=\"elementor-container elementor-column-gap-default\">\n\t\t\t\t\t<div class=\"elementor-column elementor-col-100 elementor-top-column elementor-element elementor-element-339a6379\" data-id=\"339a6379\" data-element_type=\"column\" data-e-type=\"column\">\n\t\t\t<div class=\"elementor-widget-wrap elementor-element-populated\">\n\t\t\t\t\t\t<div class=\"elementor-element elementor-element-73509c5 elementor-widget elementor-widget-text-editor\" data-id=\"73509c5\" data-element_type=\"widget\" data-e-type=\"widget\" data-widget_type=\"text-editor.default\">\n\t\t\t\t<div class=\"elementor-widget-container\">\n\t\t\t\t\t\t\t\t\t\n<h4 class=\"has-text-align-center\">La exposici\u00f3n y conferencia para la industria europea del reciclaje de pl\u00e1sticos<\/h4>\n\n<p class=\"has-text-align-center\"><strong>Plastics Recycling Show Europe<\/strong>, un evento dedicado al reciclaje de pl\u00e1stico, tendr\u00e1 lugar en el <strong>Centro de Convenciones y Exposiciones RAI de \u00c1msterdam<\/strong>, los d\u00edas<strong> 22 y 23 de junio de 2022<\/strong>.<\/p>\n\n<p class=\"has-text-align-center\">Los nombres m\u00e1s importantes en el <strong>campo de los materiales reciclados, maquinaria y servicios para el reciclaje<\/strong> estar\u00e1n presentes, mostrando las \u00faltimas novedades de este apasionante sector en continua evoluci\u00f3n.<\/p>\n\n<p class=\"has-text-align-center\">El evento cubre la cadena de suministro desde el dise\u00f1o para la reciclabilidad, recolecci\u00f3n, clasificaci\u00f3n y reciclaje de pl\u00e1sticos industriales, comerciales, agr\u00edcolas, posconsumo y oce\u00e1nicos hasta el pol\u00edmero reciclado dise\u00f1ado e incorporado en nuevos productos y aplicaciones.<\/p>\n\n<div class=\"wp-block-image\">\n<figure class=\"aligncenter size-full is-resized\"><img decoding=\"async\" class=\"wp-image-3682 aligncenter\" src=\"https:\/\/www.filtecsrl.eu\/wp-content\/uploads\/2022\/03\/ca469b9c-850c-11ec-b7ba-000000000000-1-1.png\" alt=\"\" width=\"554\" height=\"71\" srcset=\"https:\/\/www.filtecsrl.eu\/wp-content\/uploads\/2022\/03\/ca469b9c-850c-11ec-b7ba-000000000000-1-1.png 468w, https:\/\/www.filtecsrl.eu\/wp-content\/uploads\/2022\/03\/ca469b9c-850c-11ec-b7ba-000000000000-1-1-300x38.png 300w\" sizes=\"(max-width: 554px) 100vw, 554px\" \/><\/figure>\n<\/div>\n\n<p>\u00a0<\/p>\n<p class=\"has-text-align-center\"><strong>Filtec estar\u00e1 encantada de darle la bienvenida en el stand A20<\/strong><\/p>\n\t\t\t\t\t\t\t\t<\/div>\n\t\t\t\t<\/div>\n\t\t\t\t\t<\/div>\n\t\t<\/div>\n\t\t\t\t\t<\/div>\n\t\t<\/section>\n\t\t\t\t<\/div>\n\t\t","protected":false},"excerpt":{"rendered":"<p>La exposici\u00f3n y conferencia para la industria europea del reciclaje de pl\u00e1sticos Plastics Recycling Show Europe, un evento dedicado al reciclaje de pl\u00e1stico, tendr\u00e1 lugar en el Centro de Convenciones y Exposiciones RAI de \u00c1msterdam, los d\u00edas 22 y 23 de junio de 2022. Los nombres m\u00e1s importantes en el campo de los materiales reciclados, [&hellip;]<\/p>\n","protected":false},"author":19,"featured_media":3698,"comment_status":"closed","ping_status":"closed","sticky":false,"template":"","format":"standard","meta":{"footnotes":""},"categories":[36],"tags":[],"class_list":["post-5117","post","type-post","status-publish","format-standard","has-post-thumbnail","hentry","category-eventos"],"_links":{"self":[{"href":"https:\/\/www.filtecsrl.eu\/es\/wp-json\/wp\/v2\/posts\/5117","targetHints":{"allow":["GET"]}}],"collection":[{"href":"https:\/\/www.filtecsrl.eu\/es\/wp-json\/wp\/v2\/posts"}],"about":[{"href":"https:\/\/www.filtecsrl.eu\/es\/wp-json\/wp\/v2\/types\/post"}],"author":[{"embeddable":true,"href":"https:\/\/www.filtecsrl.eu\/es\/wp-json\/wp\/v2\/users\/19"}],"replies":[{"embeddable":true,"href":"https:\/\/www.filtecsrl.eu\/es\/wp-json\/wp\/v2\/comments?post=5117"}],"version-history":[{"count":0,"href":"https:\/\/www.filtecsrl.eu\/es\/wp-json\/wp\/v2\/posts\/5117\/revisions"}],"wp:featuredmedia":[{"embeddable":true,"href":"https:\/\/www.filtecsrl.eu\/es\/wp-json\/wp\/v2\/media\/3698"}],"wp:attachment":[{"href":"https:\/\/www.filtecsrl.eu\/es\/wp-json\/wp\/v2\/media?parent=5117"}],"wp:term":[{"taxonomy":"category","embeddable":true,"href":"https:\/\/www.filtecsrl.eu\/es\/wp-json\/wp\/v2\/categories?post=5117"},{"taxonomy":"post_tag","embeddable":true,"href":"https:\/\/www.filtecsrl.eu\/es\/wp-json\/wp\/v2\/tags?post=5117"}],"curies":[{"name":"wp","href":"https:\/\/api.w.org\/{rel}","templated":true}]}}