{"id":11907,"date":"2025-06-19T15:10:00","date_gmt":"2025-06-19T13:10:00","guid":{"rendered":"https:\/\/www.filtecsrl.eu\/?p=11907"},"modified":"2025-06-19T15:11:52","modified_gmt":"2025-06-19T13:11:52","slug":"greenplast-2025","status":"publish","type":"post","link":"https:\/\/www.filtecsrl.eu\/es\/2025\/06\/19\/greenplast-2025\/","title":{"rendered":"GREENPLAST 2025"},"content":{"rendered":"\t\t<div data-elementor-type=\"wp-post\" data-elementor-id=\"11907\" class=\"elementor elementor-11907\" data-elementor-post-type=\"post\">\n\t\t\t\t\t\t<section data-particle_enable=\"false\" data-particle-mobile-disabled=\"false\" class=\"elementor-section elementor-top-section elementor-element elementor-element-12e50f0f elementor-section-boxed elementor-section-height-default elementor-section-height-default\" data-id=\"12e50f0f\" data-element_type=\"section\" data-e-type=\"section\">\n\t\t\t\t\t\t<div class=\"elementor-container elementor-column-gap-default\">\n\t\t\t\t\t<div class=\"elementor-column elementor-col-100 elementor-top-column elementor-element elementor-element-3b10f31f\" data-id=\"3b10f31f\" data-element_type=\"column\" data-e-type=\"column\">\n\t\t\t<div class=\"elementor-widget-wrap elementor-element-populated\">\n\t\t\t\t\t\t<div class=\"elementor-element elementor-element-25a68616 elementor-widget elementor-widget-text-editor\" data-id=\"25a68616\" data-element_type=\"widget\" data-e-type=\"widget\" data-widget_type=\"text-editor.default\">\n\t\t\t\t<div class=\"elementor-widget-container\">\n\t\t\t\t\t\t\t\t\t<div style=\"text-align: center;\"><strong>GREENPLAST 2025: \u00a1TODO LISTO PARA LA 2\u00aa EDICI\u00d3N &#8211; FILTEC STAND A 21!<\/strong><\/div><hr \/><div><span class=\"Y2IQFc\" lang=\"es\">Tambi\u00e9n este a\u00f1o, <strong>FILTEC<\/strong> estar\u00e1 presente en la segunda edici\u00f3n de la feria <strong>GreenPlast<\/strong> en el recinto ferial <strong>Feira Milano<\/strong> de Rho Pero <strong>del 27 al 30 de mayo.<\/strong><\/span><\/div><div>\u00a0<\/div><div><span class=\"Y2IQFc\" lang=\"es\">GreenPlast es la exposici\u00f3n-conferencia internacional dedicada a materiales, tecnolog\u00edas y procesos de transformaci\u00f3n del pl\u00e1stico y el caucho, con foco en la sostenibilidad, la recuperaci\u00f3n, el reciclaje y la eficiencia energ\u00e9tica.<\/span><\/div><div>\u00a0<\/div><div><span style=\"font-size: 1rem; white-space-collapse: preserve;\"><strong>Greenplast 2025<\/strong> representa una oportunidad \u00fanica para la industria del pl\u00e1stico, donde los visitantes tendr\u00e1n la oportunidad de interactuar con expertos y descubrir las \u00faltimas innovaciones del sector para enriquecer y actualizar sus conocimientos en temas de relevancia internacional.<\/span><\/div><div>\u00a0<\/div><div><span class=\"Y2IQFc\" lang=\"es\">Filtec tambi\u00e9n estar\u00e1 presente, \u00a1te esperamos en el <strong>Stand A 21 &#8211; Pabell\u00f3n 14!<\/strong><\/span><\/div>\t\t\t\t\t\t\t\t<\/div>\n\t\t\t\t<\/div>\n\t\t\t\t\t<\/div>\n\t\t<\/div>\n\t\t\t\t\t<\/div>\n\t\t<\/section>\n\t\t\t\t<section data-particle_enable=\"false\" data-particle-mobile-disabled=\"false\" class=\"elementor-section elementor-top-section elementor-element elementor-element-209f80d elementor-section-boxed elementor-section-height-default elementor-section-height-default\" data-id=\"209f80d\" data-element_type=\"section\" data-e-type=\"section\">\n\t\t\t\t\t\t<div class=\"elementor-container elementor-column-gap-default\">\n\t\t\t\t\t<div class=\"elementor-column elementor-col-100 elementor-top-column elementor-element elementor-element-0e7a911\" data-id=\"0e7a911\" data-element_type=\"column\" data-e-type=\"column\">\n\t\t\t<div class=\"elementor-widget-wrap elementor-element-populated\">\n\t\t\t\t\t\t<div class=\"elementor-element elementor-element-dad701b elementor-widget elementor-widget-image\" data-id=\"dad701b\" data-element_type=\"widget\" data-e-type=\"widget\" data-widget_type=\"image.default\">\n\t\t\t\t<div class=\"elementor-widget-container\">\n\t\t\t\t\t\t\t\t\t\t\t\t\t\t\t\t<a href=\"https:\/\/plasteurasia.com\/en\/\" target=\"_blank\" rel=\"noopener\">\n\t\t\t\t\t\t\t<img fetchpriority=\"high\" decoding=\"async\" width=\"768\" height=\"706\" src=\"https:\/\/www.filtecsrl.eu\/wp-content\/uploads\/2025\/03\/GP_VERTICALE_logo-stampa-1-768x706.png\" class=\"attachment-medium_large size-medium_large wp-image-11065\" alt=\"\" srcset=\"https:\/\/www.filtecsrl.eu\/wp-content\/uploads\/2025\/03\/GP_VERTICALE_logo-stampa-1-768x706.png 768w, https:\/\/www.filtecsrl.eu\/wp-content\/uploads\/2025\/03\/GP_VERTICALE_logo-stampa-1-300x276.png 300w, https:\/\/www.filtecsrl.eu\/wp-content\/uploads\/2025\/03\/GP_VERTICALE_logo-stampa-1-1024x941.png 1024w, https:\/\/www.filtecsrl.eu\/wp-content\/uploads\/2025\/03\/GP_VERTICALE_logo-stampa-1.png 1289w\" sizes=\"(max-width: 768px) 100vw, 768px\" \/>\t\t\t\t\t\t\t\t<\/a>\n\t\t\t\t\t\t\t\t\t\t\t\t\t\t\t<\/div>\n\t\t\t\t<\/div>\n\t\t\t\t\t<\/div>\n\t\t<\/div>\n\t\t\t\t\t<\/div>\n\t\t<\/section>\n\t\t\t\t<section data-particle_enable=\"false\" data-particle-mobile-disabled=\"false\" class=\"elementor-section elementor-top-section elementor-element elementor-element-15ce4f0 elementor-section-boxed elementor-section-height-default elementor-section-height-default\" data-id=\"15ce4f0\" data-element_type=\"section\" data-e-type=\"section\">\n\t\t\t\t\t\t<div class=\"elementor-container elementor-column-gap-default\">\n\t\t\t\t\t<div class=\"elementor-column elementor-col-100 elementor-top-column elementor-element elementor-element-c56123f\" data-id=\"c56123f\" data-element_type=\"column\" data-e-type=\"column\">\n\t\t\t<div class=\"elementor-widget-wrap elementor-element-populated\">\n\t\t\t\t\t\t<div class=\"elementor-element elementor-element-c7840df elementor-widget elementor-widget-text-editor\" data-id=\"c7840df\" data-element_type=\"widget\" data-e-type=\"widget\" data-widget_type=\"text-editor.default\">\n\t\t\t\t<div class=\"elementor-widget-container\">\n\t\t\t\t\t\t\t\t\t<p style=\"text-align: center;\">\u00a1Filtec estar\u00e1 encantado de recibirle en su stand!<\/p>\t\t\t\t\t\t\t\t<\/div>\n\t\t\t\t<\/div>\n\t\t\t\t\t<\/div>\n\t\t<\/div>\n\t\t\t\t\t<\/div>\n\t\t<\/section>\n\t\t\t\t<\/div>\n\t\t","protected":false},"excerpt":{"rendered":"<p>GREENPLAST 2025: \u00a1TODO LISTO PARA LA 2\u00aa EDICI\u00d3N &#8211; FILTEC STAND A 21! Tambi\u00e9n este a\u00f1o, FILTEC estar\u00e1 presente en la segunda edici\u00f3n de la feria GreenPlast en el recinto ferial Feira Milano de Rho Pero del 27 al 30 de mayo.\u00a0GreenPlast es la exposici\u00f3n-conferencia internacional dedicada a materiales, tecnolog\u00edas y procesos de transformaci\u00f3n del [&hellip;]<\/p>\n","protected":false},"author":19,"featured_media":12236,"comment_status":"closed","ping_status":"closed","sticky":false,"template":"","format":"standard","meta":{"footnotes":""},"categories":[36],"tags":[],"class_list":["post-11907","post","type-post","status-publish","format-standard","has-post-thumbnail","hentry","category-eventos"],"_links":{"self":[{"href":"https:\/\/www.filtecsrl.eu\/es\/wp-json\/wp\/v2\/posts\/11907","targetHints":{"allow":["GET"]}}],"collection":[{"href":"https:\/\/www.filtecsrl.eu\/es\/wp-json\/wp\/v2\/posts"}],"about":[{"href":"https:\/\/www.filtecsrl.eu\/es\/wp-json\/wp\/v2\/types\/post"}],"author":[{"embeddable":true,"href":"https:\/\/www.filtecsrl.eu\/es\/wp-json\/wp\/v2\/users\/19"}],"replies":[{"embeddable":true,"href":"https:\/\/www.filtecsrl.eu\/es\/wp-json\/wp\/v2\/comments?post=11907"}],"version-history":[{"count":3,"href":"https:\/\/www.filtecsrl.eu\/es\/wp-json\/wp\/v2\/posts\/11907\/revisions"}],"predecessor-version":[{"id":12243,"href":"https:\/\/www.filtecsrl.eu\/es\/wp-json\/wp\/v2\/posts\/11907\/revisions\/12243"}],"wp:featuredmedia":[{"embeddable":true,"href":"https:\/\/www.filtecsrl.eu\/es\/wp-json\/wp\/v2\/media\/12236"}],"wp:attachment":[{"href":"https:\/\/www.filtecsrl.eu\/es\/wp-json\/wp\/v2\/media?parent=11907"}],"wp:term":[{"taxonomy":"category","embeddable":true,"href":"https:\/\/www.filtecsrl.eu\/es\/wp-json\/wp\/v2\/categories?post=11907"},{"taxonomy":"post_tag","embeddable":true,"href":"https:\/\/www.filtecsrl.eu\/es\/wp-json\/wp\/v2\/tags?post=11907"}],"curies":[{"name":"wp","href":"https:\/\/api.w.org\/{rel}","templated":true}]}}