{"id":10697,"date":"2025-02-07T16:12:42","date_gmt":"2025-02-07T15:12:42","guid":{"rendered":"https:\/\/www.filtecsrl.eu\/?p=10697"},"modified":"2025-02-07T16:14:12","modified_gmt":"2025-02-07T15:14:12","slug":"prs-europe-2025","status":"publish","type":"post","link":"https:\/\/www.filtecsrl.eu\/es\/2025\/02\/07\/prs-europe-2025\/","title":{"rendered":"PRS EUROPE 2025"},"content":{"rendered":"\t\t<div data-elementor-type=\"wp-post\" data-elementor-id=\"10697\" class=\"elementor elementor-10697\" data-elementor-post-type=\"post\">\n\t\t\t\t\t\t<section data-particle_enable=\"false\" data-particle-mobile-disabled=\"false\" class=\"elementor-section elementor-top-section elementor-element elementor-element-12e50f0f elementor-section-boxed elementor-section-height-default elementor-section-height-default\" data-id=\"12e50f0f\" data-element_type=\"section\" data-e-type=\"section\">\n\t\t\t\t\t\t<div class=\"elementor-container elementor-column-gap-default\">\n\t\t\t\t\t<div class=\"elementor-column elementor-col-100 elementor-top-column elementor-element elementor-element-3b10f31f\" data-id=\"3b10f31f\" data-element_type=\"column\" data-e-type=\"column\">\n\t\t\t<div class=\"elementor-widget-wrap elementor-element-populated\">\n\t\t\t\t\t\t<div class=\"elementor-element elementor-element-25a68616 elementor-widget elementor-widget-text-editor\" data-id=\"25a68616\" data-element_type=\"widget\" data-e-type=\"widget\" data-widget_type=\"text-editor.default\">\n\t\t\t\t<div class=\"elementor-widget-container\">\n\t\t\t\t\t\t\t\t\t<h4 style=\"text-align: center;\">PRS EUROPE 2025: \u00a1<a href=\"https:\/\/www.filtecsrl.eu\/es\/empresa\/\">FILTEC<\/a> OS ESPERA EN \u00c1MSTERDAM !<\/h4><p><span class=\"Y2IQFc\" lang=\"es\"><strong>Plastics Recycling Show Europe (PRSE)<\/strong> representa una exposici\u00f3n con conferencias dedicadas al sector del reciclaje de pl\u00e1stico. Nombres de renombre en materiales reciclados, maquinaria y servicios de reciclaje se reunir\u00e1n en <strong>PRSE<\/strong> para mostrar las \u00faltimas innovaciones de la industria. \u00a1Estamos emocionados de anunciar que <strong>Filtec<\/strong> estar\u00e1 presente en PRSE 2025! Este a\u00f1o el evento tendr\u00e1 lugar los d\u00edas <strong>1 y 2 de abril en la RAI de Amsterdam<\/strong>. Puede encontrarnos en nuestro stand <strong>A62<\/strong>, donde nuestro equipo estar\u00e1 listo para interactuar y explorar oportunidades de colaboraci\u00f3n para un futuro sostenible. En esta feria se tratar\u00e1 todo lo que concierne al sector del reciclaje de pl\u00e1stico en su conjunto. Todos los aspectos del sector ser\u00e1n el foco de atenci\u00f3n en PRS Europe 2025.<\/span><\/p>\t\t\t\t\t\t\t\t<\/div>\n\t\t\t\t<\/div>\n\t\t\t\t\t<\/div>\n\t\t<\/div>\n\t\t\t\t\t<\/div>\n\t\t<\/section>\n\t\t\t\t<section data-particle_enable=\"false\" data-particle-mobile-disabled=\"false\" class=\"elementor-section elementor-top-section elementor-element elementor-element-209f80d elementor-section-boxed elementor-section-height-default elementor-section-height-default\" data-id=\"209f80d\" data-element_type=\"section\" data-e-type=\"section\">\n\t\t\t\t\t\t<div class=\"elementor-container elementor-column-gap-default\">\n\t\t\t\t\t<div class=\"elementor-column elementor-col-100 elementor-top-column elementor-element elementor-element-0e7a911\" data-id=\"0e7a911\" data-element_type=\"column\" data-e-type=\"column\">\n\t\t\t<div class=\"elementor-widget-wrap elementor-element-populated\">\n\t\t\t\t\t\t<div class=\"elementor-element elementor-element-dad701b elementor-widget elementor-widget-image\" data-id=\"dad701b\" data-element_type=\"widget\" data-e-type=\"widget\" data-widget_type=\"image.default\">\n\t\t\t\t<div class=\"elementor-widget-container\">\n\t\t\t\t\t\t\t\t\t\t\t\t\t\t\t\t<a href=\"https:\/\/plasteurasia.com\/en\/\" target=\"_blank\" rel=\"noopener\">\n\t\t\t\t\t\t\t<img fetchpriority=\"high\" decoding=\"async\" width=\"800\" height=\"671\" src=\"https:\/\/www.filtecsrl.eu\/wp-content\/uploads\/2025\/02\/9125fae0-6f58-11ef-a945-000000000000-OK.jpg\" class=\"attachment-large size-large wp-image-10619\" alt=\"\" srcset=\"https:\/\/www.filtecsrl.eu\/wp-content\/uploads\/2025\/02\/9125fae0-6f58-11ef-a945-000000000000-OK.jpg 940w, https:\/\/www.filtecsrl.eu\/wp-content\/uploads\/2025\/02\/9125fae0-6f58-11ef-a945-000000000000-OK-300x251.jpg 300w, https:\/\/www.filtecsrl.eu\/wp-content\/uploads\/2025\/02\/9125fae0-6f58-11ef-a945-000000000000-OK-768x644.jpg 768w\" sizes=\"(max-width: 800px) 100vw, 800px\" \/>\t\t\t\t\t\t\t\t<\/a>\n\t\t\t\t\t\t\t\t\t\t\t\t\t\t\t<\/div>\n\t\t\t\t<\/div>\n\t\t\t\t\t<\/div>\n\t\t<\/div>\n\t\t\t\t\t<\/div>\n\t\t<\/section>\n\t\t\t\t<section data-particle_enable=\"false\" data-particle-mobile-disabled=\"false\" class=\"elementor-section elementor-top-section elementor-element elementor-element-15ce4f0 elementor-section-boxed elementor-section-height-default elementor-section-height-default\" data-id=\"15ce4f0\" data-element_type=\"section\" data-e-type=\"section\">\n\t\t\t\t\t\t<div class=\"elementor-container elementor-column-gap-default\">\n\t\t\t\t\t<div class=\"elementor-column elementor-col-100 elementor-top-column elementor-element elementor-element-c56123f\" data-id=\"c56123f\" data-element_type=\"column\" data-e-type=\"column\">\n\t\t\t<div class=\"elementor-widget-wrap elementor-element-populated\">\n\t\t\t\t\t\t<div class=\"elementor-element elementor-element-c7840df elementor-widget elementor-widget-text-editor\" data-id=\"c7840df\" data-element_type=\"widget\" data-e-type=\"widget\" data-widget_type=\"text-editor.default\">\n\t\t\t\t<div class=\"elementor-widget-container\">\n\t\t\t\t\t\t\t\t\t<p>\u00a1Le esperamos en el<strong> Stand A62<\/strong> del centro de conferencias m\u00e1s importante de los Pa\u00edses Bajos, <strong>RAI Amsterdam<\/strong>, para presentarle nuestras novedades y nuestros productos!<\/p>\t\t\t\t\t\t\t\t<\/div>\n\t\t\t\t<\/div>\n\t\t\t\t\t<\/div>\n\t\t<\/div>\n\t\t\t\t\t<\/div>\n\t\t<\/section>\n\t\t\t\t<\/div>\n\t\t","protected":false},"excerpt":{"rendered":"<p>PRS EUROPE 2025: \u00a1FILTEC OS ESPERA EN \u00c1MSTERDAM ! Plastics Recycling Show Europe (PRSE) representa una exposici\u00f3n con conferencias dedicadas al sector del reciclaje de pl\u00e1stico. Nombres de renombre en materiales reciclados, maquinaria y servicios de reciclaje se reunir\u00e1n en PRSE para mostrar las \u00faltimas innovaciones de la industria. \u00a1Estamos emocionados de anunciar que Filtec [&hellip;]<\/p>\n","protected":false},"author":19,"featured_media":10703,"comment_status":"closed","ping_status":"closed","sticky":false,"template":"","format":"standard","meta":{"footnotes":""},"categories":[36],"tags":[],"class_list":["post-10697","post","type-post","status-publish","format-standard","has-post-thumbnail","hentry","category-eventos"],"_links":{"self":[{"href":"https:\/\/www.filtecsrl.eu\/es\/wp-json\/wp\/v2\/posts\/10697","targetHints":{"allow":["GET"]}}],"collection":[{"href":"https:\/\/www.filtecsrl.eu\/es\/wp-json\/wp\/v2\/posts"}],"about":[{"href":"https:\/\/www.filtecsrl.eu\/es\/wp-json\/wp\/v2\/types\/post"}],"author":[{"embeddable":true,"href":"https:\/\/www.filtecsrl.eu\/es\/wp-json\/wp\/v2\/users\/19"}],"replies":[{"embeddable":true,"href":"https:\/\/www.filtecsrl.eu\/es\/wp-json\/wp\/v2\/comments?post=10697"}],"version-history":[{"count":0,"href":"https:\/\/www.filtecsrl.eu\/es\/wp-json\/wp\/v2\/posts\/10697\/revisions"}],"wp:featuredmedia":[{"embeddable":true,"href":"https:\/\/www.filtecsrl.eu\/es\/wp-json\/wp\/v2\/media\/10703"}],"wp:attachment":[{"href":"https:\/\/www.filtecsrl.eu\/es\/wp-json\/wp\/v2\/media?parent=10697"}],"wp:term":[{"taxonomy":"category","embeddable":true,"href":"https:\/\/www.filtecsrl.eu\/es\/wp-json\/wp\/v2\/categories?post=10697"},{"taxonomy":"post_tag","embeddable":true,"href":"https:\/\/www.filtecsrl.eu\/es\/wp-json\/wp\/v2\/tags?post=10697"}],"curies":[{"name":"wp","href":"https:\/\/api.w.org\/{rel}","templated":true}]}}