{"id":7257,"date":"2023-03-28T11:49:04","date_gmt":"2023-03-28T09:49:04","guid":{"rendered":"https:\/\/www.filtecsrl.eu\/2023\/03\/28\/compounding-world-expo-europe-2023-filtec-ist-dabei\/"},"modified":"2023-03-28T11:53:50","modified_gmt":"2023-03-28T09:53:50","slug":"compounding-world-expo-europe-2023-filtec-ist-dabei","status":"publish","type":"post","link":"https:\/\/www.filtecsrl.eu\/de\/2023\/03\/28\/compounding-world-expo-europe-2023-filtec-ist-dabei\/","title":{"rendered":"COMPOUNDING WORLD EXPO EUROPE 2023: FILTEC ist dabei!"},"content":{"rendered":"\t\t<div data-elementor-type=\"wp-post\" data-elementor-id=\"7257\" class=\"elementor elementor-7257 elementor-7024\" data-elementor-post-type=\"post\">\n\t\t\t\t\t\t<section data-particle_enable=\"false\" data-particle-mobile-disabled=\"false\" class=\"elementor-section elementor-top-section elementor-element elementor-element-aac8b5c elementor-section-boxed elementor-section-height-default elementor-section-height-default\" data-id=\"aac8b5c\" data-element_type=\"section\" data-e-type=\"section\">\n\t\t\t\t\t\t<div class=\"elementor-container elementor-column-gap-default\">\n\t\t\t\t\t<div class=\"elementor-column elementor-col-100 elementor-top-column elementor-element elementor-element-7118368f\" data-id=\"7118368f\" data-element_type=\"column\" data-e-type=\"column\">\n\t\t\t<div class=\"elementor-widget-wrap elementor-element-populated\">\n\t\t\t\t\t\t<div class=\"elementor-element elementor-element-2df7132b elementor-widget elementor-widget-text-editor\" data-id=\"2df7132b\" data-element_type=\"widget\" data-e-type=\"widget\" data-widget_type=\"text-editor.default\">\n\t\t\t\t<div class=\"elementor-widget-container\">\n\t\t\t\t\t\t\t\t\t<h4 style=\"text-align: center;\">Filtec erneuert seine Pr\u00e4senz auf COMPOUNDING WORLD EXPO &#8211; EUROPE 2023!<\/h4><p style=\"text-align: center;\">Nach dem gro\u00dfen Erfolg seines Deb\u00fcts freut sich FILTEC, erneut an <a href=\"https:\/\/eu.compoundingworldexpo.com\/\" target=\"_blank\" rel=\"noopener\">COMPOUNDING WORLD EXPO &#8211; EUROPE<\/a> teilzunehmen, die vom 14. bis 15. JUNI 2023 in der MESSE ESSEN stattfindet.<\/p><p style=\"text-align: center;\">Sie ist die internationale Leitmesse f\u00fcr den Bereich Additive und <a href=\"https:\/\/www.filtecsrl.eu\/de\/anwendungen\/compoundierung\/\">Compounding<\/a> f\u00fcr Kunststoffe. Die vorherige Ausgabe der Veranstaltung zog tats\u00e4chlich mehr als 200 Fachaussteller und zahlreiche Besucher aus der Branche an. Diese Ausgabe verspricht mehr Besucher als je zuvor!<\/p><p style=\"text-align: center;\">Compounding World Expo 2023 wird alle Innovationen und Entwicklungen rund um Pflanzen, Kunststoffpolymere und Nachhaltigkeit abdecken. Der volle Veranstaltungsplan wird ein einzigartiges \u00d6kosystem schaffen, das FILTEC nutzen wird, um neue Partnerschaften zu bilden und gleichzeitig historische Partnerschaften zu st\u00e4rken.<\/p><p style=\"text-align: center;\"><img fetchpriority=\"high\" decoding=\"async\" class=\"\" src=\"https:\/\/www.filtecsrl.eu\/wp-content\/uploads\/2023\/03\/23_Essen_CWE_signature_exhibitor_banner_personalised_Filtec-1024x256.jpg\" alt=\"Compounding World Expo\" width=\"499\" height=\"125\" \/><\/p><p style=\"text-align: center;\"><strong>FILTEC<\/strong> stellt am <strong>Stand A617<\/strong> aus. Wir warten auf Sie!<\/p>\t\t\t\t\t\t\t\t<\/div>\n\t\t\t\t<\/div>\n\t\t\t\t\t<\/div>\n\t\t<\/div>\n\t\t\t\t\t<\/div>\n\t\t<\/section>\n\t\t\t\t<\/div>\n\t\t","protected":false},"excerpt":{"rendered":"<p>Filtec erneuert seine Pr\u00e4senz auf COMPOUNDING WORLD EXPO &#8211; EUROPE 2023! Nach dem gro\u00dfen Erfolg seines Deb\u00fcts freut sich FILTEC, erneut an COMPOUNDING WORLD EXPO &#8211; EUROPE teilzunehmen, die vom 14. bis 15. JUNI 2023 in der MESSE ESSEN stattfindet. Sie ist die internationale Leitmesse f\u00fcr den Bereich Additive und Compounding f\u00fcr Kunststoffe. Die vorherige [&hellip;]<\/p>\n","protected":false},"author":19,"featured_media":7169,"comment_status":"closed","ping_status":"closed","sticky":false,"template":"","format":"standard","meta":{"footnotes":""},"categories":[38],"tags":[],"class_list":["post-7257","post","type-post","status-publish","format-standard","has-post-thumbnail","hentry","category-veranstaltungen"],"_links":{"self":[{"href":"https:\/\/www.filtecsrl.eu\/de\/wp-json\/wp\/v2\/posts\/7257","targetHints":{"allow":["GET"]}}],"collection":[{"href":"https:\/\/www.filtecsrl.eu\/de\/wp-json\/wp\/v2\/posts"}],"about":[{"href":"https:\/\/www.filtecsrl.eu\/de\/wp-json\/wp\/v2\/types\/post"}],"author":[{"embeddable":true,"href":"https:\/\/www.filtecsrl.eu\/de\/wp-json\/wp\/v2\/users\/19"}],"replies":[{"embeddable":true,"href":"https:\/\/www.filtecsrl.eu\/de\/wp-json\/wp\/v2\/comments?post=7257"}],"version-history":[{"count":0,"href":"https:\/\/www.filtecsrl.eu\/de\/wp-json\/wp\/v2\/posts\/7257\/revisions"}],"wp:featuredmedia":[{"embeddable":true,"href":"https:\/\/www.filtecsrl.eu\/de\/wp-json\/wp\/v2\/media\/7169"}],"wp:attachment":[{"href":"https:\/\/www.filtecsrl.eu\/de\/wp-json\/wp\/v2\/media?parent=7257"}],"wp:term":[{"taxonomy":"category","embeddable":true,"href":"https:\/\/www.filtecsrl.eu\/de\/wp-json\/wp\/v2\/categories?post=7257"},{"taxonomy":"post_tag","embeddable":true,"href":"https:\/\/www.filtecsrl.eu\/de\/wp-json\/wp\/v2\/tags?post=7257"}],"curies":[{"name":"wp","href":"https:\/\/api.w.org\/{rel}","templated":true}]}}